{"id":3978,"date":"2026-08-21T07:52:00","date_gmt":"2026-08-21T07:52:00","guid":{"rendered":"https:\/\/ivi.ac.rs\/?post_type=news&#038;p=3978"},"modified":"2026-09-01T07:53:39","modified_gmt":"2026-09-01T07:53:39","slug":"institute-for-artificial-intelligence-of-serbia-joins-the-third-horizons-of-innovation-forum-as-co-organiser","status":"publish","type":"news","link":"https:\/\/ivi.ac.rs\/en\/news\/institute-for-artificial-intelligence-of-serbia-joins-the-third-horizons-of-innovation-forum-as-co-organiser\/","title":{"rendered":"Institute for Artificial Intelligence of Serbia Joins the Third Horizons of Innovation Forum as Co-Organiser"},"content":{"rendered":"\n<p class=\"wp-block-paragraph\">The Institute for Artificial Intelligence of Serbia will be one of the co-organisers of the third edition of the <strong>Horizons of Innovation Forum<\/strong>, an international event focused on connecting the research, innovation, and business sectors and fostering collaboration across innovation ecosystems.<\/p>\n\n\n\n<p class=\"wp-block-paragraph\">The Forum brings together representatives of science and technology parks, technology centres, and innovation hubs, which play an important role in connecting research, entrepreneurship, and industry and creating an environment for the development and implementation of innovative solutions.<\/p>\n\n\n\n<p class=\"wp-block-paragraph\">In addition to the Institute for Artificial Intelligence of Serbia, the co-organisers of this year\u2019s Forum are the Science and Technology Park Novi Sad, CIT UPC, UPC BarcelonaTech Technology Center in Barcelona, the Regional Innovation Startup Center U\u017eice, and the Montenegrin Science &amp; Technology epiSTEMe Hub in Cetinje.<\/p>\n\n\n\n<p class=\"wp-block-paragraph\">The Institute\u2019s involvement in organising the Forum provides an opportunity to connect with relevant institutions, researchers, companies, and other stakeholders within the innovation ecosystem, while also facilitating the exchange of knowledge and experience and creating opportunities for new forms of cooperation at both the national and international levels.<\/p>\n\n\n\n<p class=\"wp-block-paragraph\">Through the Horizons of Innovation platform, participants have the opportunity to present their activities, exchange knowledge and experience, and establish connections that can contribute to the development of new projects and initiatives in science, technology, and innovation.<\/p>\n","protected":false},"featured_media":0,"parent":0,"template":"","news-category":[],"class_list":["post-3978","news","type-news","status-publish","hentry"],"acf":[],"yoast_head":"<!-- This site is optimized with the Yoast SEO plugin v28.3 - https:\/\/yoast.com\/product\/yoast-seo-wordpress\/ -->\n<title>Institute for Artificial Intelligence of Serbia Joins the Third Horizons of Innovation Forum as Co-Organiser - Istra\u017eiva\u010dko-razvojni institut za ve\u0161ta\u010dku inteligenciju<\/title>\n<meta name=\"robots\" content=\"index, follow, max-snippet:-1, max-image-preview:large, max-video-preview:-1\" \/>\n<link rel=\"canonical\" href=\"https:\/\/ivi.ac.rs\/en\/news\/institute-for-artificial-intelligence-of-serbia-joins-the-third-horizons-of-innovation-forum-as-co-organiser\/\" \/>\n<meta property=\"og:locale\" content=\"en_US\" \/>\n<meta property=\"og:type\" content=\"article\" \/>\n<meta property=\"og:title\" content=\"Institute for Artificial Intelligence of Serbia Joins the Third Horizons of Innovation Forum as Co-Organiser - Istra\u017eiva\u010dko-razvojni institut za ve\u0161ta\u010dku inteligenciju\" \/>\n<meta property=\"og:description\" content=\"The Institute for Artificial Intelligence of Serbia will be one of the co-organisers of the third edition of the Horizons of Innovation Forum, an international event focused on connecting the research, innovation, and business sectors and fostering collaboration across innovation ecosystems. The Forum brings together representatives of science and technology parks, technology centres, and innovation [&hellip;]\" \/>\n<meta property=\"og:url\" content=\"https:\/\/ivi.ac.rs\/en\/news\/institute-for-artificial-intelligence-of-serbia-joins-the-third-horizons-of-innovation-forum-as-co-organiser\/\" \/>\n<meta property=\"og:site_name\" content=\"Istra\u017eiva\u010dko-razvojni institut za ve\u0161ta\u010dku inteligenciju\" \/>\n<meta property=\"article:modified_time\" content=\"2026-09-01T07:53:39+00:00\" \/>\n<meta name=\"twitter:card\" content=\"summary_large_image\" \/>\n<meta name=\"twitter:label1\" content=\"Est. reading time\" \/>\n\t<meta name=\"twitter:data1\" content=\"1 minute\" \/>\n<script type=\"application\/ld+json\" class=\"yoast-schema-graph\">{\"@context\":\"https:\\\/\\\/schema.org\",\"@graph\":[{\"@type\":\"WebPage\",\"@id\":\"https:\\\/\\\/ivi.ac.rs\\\/en\\\/news\\\/institute-for-artificial-intelligence-of-serbia-joins-the-third-horizons-of-innovation-forum-as-co-organiser\\\/\",\"url\":\"https:\\\/\\\/ivi.ac.rs\\\/en\\\/news\\\/institute-for-artificial-intelligence-of-serbia-joins-the-third-horizons-of-innovation-forum-as-co-organiser\\\/\",\"name\":\"Institute for Artificial Intelligence of Serbia Joins the Third Horizons of Innovation Forum as Co-Organiser - Istra\u017eiva\u010dko-razvojni institut za ve\u0161ta\u010dku inteligenciju\",\"isPartOf\":{\"@id\":\"https:\\\/\\\/ivi.ac.rs\\\/en\\\/#website\"},\"datePublished\":\"2026-08-21T07:52:00+00:00\",\"dateModified\":\"2026-09-01T07:53:39+00:00\",\"inLanguage\":\"en-US\",\"potentialAction\":[{\"@type\":\"ReadAction\",\"target\":[\"https:\\\/\\\/ivi.ac.rs\\\/en\\\/news\\\/institute-for-artificial-intelligence-of-serbia-joins-the-third-horizons-of-innovation-forum-as-co-organiser\\\/\"]}]},{\"@type\":\"WebSite\",\"@id\":\"https:\\\/\\\/ivi.ac.rs\\\/en\\\/#website\",\"url\":\"https:\\\/\\\/ivi.ac.rs\\\/en\\\/\",\"name\":\"Istra\u017eiva\u010dko-razvojni institut za ve\u0161ta\u010dku inteligenciju\",\"description\":\"\",\"potentialAction\":[{\"@type\":\"SearchAction\",\"target\":{\"@type\":\"EntryPoint\",\"urlTemplate\":\"https:\\\/\\\/ivi.ac.rs\\\/en\\\/?s={search_term_string}\"},\"query-input\":{\"@type\":\"PropertyValueSpecification\",\"valueRequired\":true,\"valueName\":\"search_term_string\"}}],\"inLanguage\":\"en-US\"}]}<\/script>\n<!-- \/ Yoast SEO plugin. -->","yoast_head_json":{"title":"Institute for Artificial Intelligence of Serbia Joins the Third Horizons of Innovation Forum as Co-Organiser - Istra\u017eiva\u010dko-razvojni institut za ve\u0161ta\u010dku inteligenciju","robots":{"index":"index","follow":"follow","max-snippet":"max-snippet:-1","max-image-preview":"max-image-preview:large","max-video-preview":"max-video-preview:-1"},"canonical":"https:\/\/ivi.ac.rs\/en\/news\/institute-for-artificial-intelligence-of-serbia-joins-the-third-horizons-of-innovation-forum-as-co-organiser\/","og_locale":"en_US","og_type":"article","og_title":"Institute for Artificial Intelligence of Serbia Joins the Third Horizons of Innovation Forum as Co-Organiser - Istra\u017eiva\u010dko-razvojni institut za ve\u0161ta\u010dku inteligenciju","og_description":"The Institute for Artificial Intelligence of Serbia will be one of the co-organisers of the third edition of the Horizons of Innovation Forum, an international event focused on connecting the research, innovation, and business sectors and fostering collaboration across innovation ecosystems. The Forum brings together representatives of science and technology parks, technology centres, and innovation [&hellip;]","og_url":"https:\/\/ivi.ac.rs\/en\/news\/institute-for-artificial-intelligence-of-serbia-joins-the-third-horizons-of-innovation-forum-as-co-organiser\/","og_site_name":"Istra\u017eiva\u010dko-razvojni institut za ve\u0161ta\u010dku inteligenciju","article_modified_time":"2026-09-01T07:53:39+00:00","twitter_card":"summary_large_image","twitter_misc":{"Est. reading time":"1 minute"},"schema":{"@context":"https:\/\/schema.org","@graph":[{"@type":"WebPage","@id":"https:\/\/ivi.ac.rs\/en\/news\/institute-for-artificial-intelligence-of-serbia-joins-the-third-horizons-of-innovation-forum-as-co-organiser\/","url":"https:\/\/ivi.ac.rs\/en\/news\/institute-for-artificial-intelligence-of-serbia-joins-the-third-horizons-of-innovation-forum-as-co-organiser\/","name":"Institute for Artificial Intelligence of Serbia Joins the Third Horizons of Innovation Forum as Co-Organiser - Istra\u017eiva\u010dko-razvojni institut za ve\u0161ta\u010dku inteligenciju","isPartOf":{"@id":"https:\/\/ivi.ac.rs\/en\/#website"},"datePublished":"2026-08-21T07:52:00+00:00","dateModified":"2026-09-01T07:53:39+00:00","inLanguage":"en-US","potentialAction":[{"@type":"ReadAction","target":["https:\/\/ivi.ac.rs\/en\/news\/institute-for-artificial-intelligence-of-serbia-joins-the-third-horizons-of-innovation-forum-as-co-organiser\/"]}]},{"@type":"WebSite","@id":"https:\/\/ivi.ac.rs\/en\/#website","url":"https:\/\/ivi.ac.rs\/en\/","name":"Istra\u017eiva\u010dko-razvojni institut za ve\u0161ta\u010dku inteligenciju","description":"","potentialAction":[{"@type":"SearchAction","target":{"@type":"EntryPoint","urlTemplate":"https:\/\/ivi.ac.rs\/en\/?s={search_term_string}"},"query-input":{"@type":"PropertyValueSpecification","valueRequired":true,"valueName":"search_term_string"}}],"inLanguage":"en-US"}]}},"_links":{"self":[{"href":"https:\/\/ivi.ac.rs\/en\/wp-json\/wp\/v2\/news\/3978","targetHints":{"allow":["GET"]}}],"collection":[{"href":"https:\/\/ivi.ac.rs\/en\/wp-json\/wp\/v2\/news"}],"about":[{"href":"https:\/\/ivi.ac.rs\/en\/wp-json\/wp\/v2\/types\/news"}],"wp:attachment":[{"href":"https:\/\/ivi.ac.rs\/en\/wp-json\/wp\/v2\/media?parent=3978"}],"wp:term":[{"taxonomy":"news-category","embeddable":true,"href":"https:\/\/ivi.ac.rs\/en\/wp-json\/wp\/v2\/news-category?post=3978"}],"curies":[{"name":"wp","href":"https:\/\/api.w.org\/{rel}","templated":true}]}}