{"id":3968,"date":"2026-08-04T07:35:00","date_gmt":"2026-08-04T07:35:00","guid":{"rendered":"https:\/\/ivi.ac.rs\/?post_type=news&#038;p=3968"},"modified":"2026-09-01T07:37:31","modified_gmt":"2026-09-01T07:37:31","slug":"the-11th-psiml-summer-school-brings-together-the-next-generation-of-ai-researchers","status":"publish","type":"news","link":"https:\/\/ivi.ac.rs\/en\/news\/the-11th-psiml-summer-school-brings-together-the-next-generation-of-ai-researchers\/","title":{"rendered":"The 11th PSIML Summer School Brings Together the Next Generation of AI Researchers"},"content":{"rendered":"\n<p class=\"wp-block-paragraph\">The 11th <strong>\u201cPSIML \u2013 Summer School on Scientific Machine Learning\u201d<\/strong> will bring together participants from Serbia and abroad over 12 days, with a shared interest in machine learning, artificial intelligence, and modern methods for applying these technologies in scientific research.<\/p>\n\n\n\n<p class=\"wp-block-paragraph\">The Institute for Artificial Intelligence Research and Development of Serbia is supporting this year\u2019s Summer School, while Luka Pani\u0107, a research trainee at the Institute, will contribute to the programme by sharing his knowledge and experience in artificial intelligence and machine learning with the participants.<\/p>\n\n\n\n<p class=\"wp-block-paragraph\">The PSIML programme covers a broad range of topics, from the fundamentals of machine learning and neural networks to large language models and agentic systems, as well as computer vision, speech processing, and embodied AI. Following the lectures and training sessions, participants will work on their own projects with the support of mentors and access to GPU resources. The Summer School will conclude with presentations of the projects developed during the programme.<\/p>\n\n\n\n<p class=\"wp-block-paragraph\">This year\u2019s PSIML brings together lecturers and experts from leading international companies, research institutions, and universities. By supporting educational and scientific initiatives such as PSIML, the Institute contributes to the development of the AI community, knowledge exchange, and the education of the next generation of AI professionals.<\/p>\n","protected":false},"featured_media":0,"parent":0,"template":"","news-category":[],"class_list":["post-3968","news","type-news","status-publish","hentry"],"acf":[],"yoast_head":"<!-- This site is optimized with the Yoast SEO plugin v28.3 - https:\/\/yoast.com\/product\/yoast-seo-wordpress\/ -->\n<title>The 11th PSIML Summer School Brings Together the Next Generation of AI Researchers - Istra\u017eiva\u010dko-razvojni institut za ve\u0161ta\u010dku inteligenciju<\/title>\n<meta name=\"robots\" content=\"index, follow, max-snippet:-1, max-image-preview:large, max-video-preview:-1\" \/>\n<link rel=\"canonical\" href=\"https:\/\/ivi.ac.rs\/en\/news\/the-11th-psiml-summer-school-brings-together-the-next-generation-of-ai-researchers\/\" \/>\n<meta property=\"og:locale\" content=\"en_US\" \/>\n<meta property=\"og:type\" content=\"article\" \/>\n<meta property=\"og:title\" content=\"The 11th PSIML Summer School Brings Together the Next Generation of AI Researchers - Istra\u017eiva\u010dko-razvojni institut za ve\u0161ta\u010dku inteligenciju\" \/>\n<meta property=\"og:description\" content=\"The 11th \u201cPSIML \u2013 Summer School on Scientific Machine Learning\u201d will bring together participants from Serbia and abroad over 12 days, with a shared interest in machine learning, artificial intelligence, and modern methods for applying these technologies in scientific research. The Institute for Artificial Intelligence Research and Development of Serbia is supporting this year\u2019s Summer [&hellip;]\" \/>\n<meta property=\"og:url\" content=\"https:\/\/ivi.ac.rs\/en\/news\/the-11th-psiml-summer-school-brings-together-the-next-generation-of-ai-researchers\/\" \/>\n<meta property=\"og:site_name\" content=\"Istra\u017eiva\u010dko-razvojni institut za ve\u0161ta\u010dku inteligenciju\" \/>\n<meta property=\"article:modified_time\" content=\"2026-09-01T07:37:31+00:00\" \/>\n<meta name=\"twitter:card\" content=\"summary_large_image\" \/>\n<meta name=\"twitter:label1\" content=\"Est. reading time\" \/>\n\t<meta name=\"twitter:data1\" content=\"1 minute\" \/>\n<script type=\"application\/ld+json\" class=\"yoast-schema-graph\">{\"@context\":\"https:\\\/\\\/schema.org\",\"@graph\":[{\"@type\":\"WebPage\",\"@id\":\"https:\\\/\\\/ivi.ac.rs\\\/en\\\/news\\\/the-11th-psiml-summer-school-brings-together-the-next-generation-of-ai-researchers\\\/\",\"url\":\"https:\\\/\\\/ivi.ac.rs\\\/en\\\/news\\\/the-11th-psiml-summer-school-brings-together-the-next-generation-of-ai-researchers\\\/\",\"name\":\"The 11th PSIML Summer School Brings Together the Next Generation of AI Researchers - Istra\u017eiva\u010dko-razvojni institut za ve\u0161ta\u010dku inteligenciju\",\"isPartOf\":{\"@id\":\"https:\\\/\\\/ivi.ac.rs\\\/en\\\/#website\"},\"datePublished\":\"2026-08-04T07:35:00+00:00\",\"dateModified\":\"2026-09-01T07:37:31+00:00\",\"inLanguage\":\"en-US\",\"potentialAction\":[{\"@type\":\"ReadAction\",\"target\":[\"https:\\\/\\\/ivi.ac.rs\\\/en\\\/news\\\/the-11th-psiml-summer-school-brings-together-the-next-generation-of-ai-researchers\\\/\"]}]},{\"@type\":\"WebSite\",\"@id\":\"https:\\\/\\\/ivi.ac.rs\\\/en\\\/#website\",\"url\":\"https:\\\/\\\/ivi.ac.rs\\\/en\\\/\",\"name\":\"Istra\u017eiva\u010dko-razvojni institut za ve\u0161ta\u010dku inteligenciju\",\"description\":\"\",\"potentialAction\":[{\"@type\":\"SearchAction\",\"target\":{\"@type\":\"EntryPoint\",\"urlTemplate\":\"https:\\\/\\\/ivi.ac.rs\\\/en\\\/?s={search_term_string}\"},\"query-input\":{\"@type\":\"PropertyValueSpecification\",\"valueRequired\":true,\"valueName\":\"search_term_string\"}}],\"inLanguage\":\"en-US\"}]}<\/script>\n<!-- \/ Yoast SEO plugin. -->","yoast_head_json":{"title":"The 11th PSIML Summer School Brings Together the Next Generation of AI Researchers - Istra\u017eiva\u010dko-razvojni institut za ve\u0161ta\u010dku inteligenciju","robots":{"index":"index","follow":"follow","max-snippet":"max-snippet:-1","max-image-preview":"max-image-preview:large","max-video-preview":"max-video-preview:-1"},"canonical":"https:\/\/ivi.ac.rs\/en\/news\/the-11th-psiml-summer-school-brings-together-the-next-generation-of-ai-researchers\/","og_locale":"en_US","og_type":"article","og_title":"The 11th PSIML Summer School Brings Together the Next Generation of AI Researchers - Istra\u017eiva\u010dko-razvojni institut za ve\u0161ta\u010dku inteligenciju","og_description":"The 11th \u201cPSIML \u2013 Summer School on Scientific Machine Learning\u201d will bring together participants from Serbia and abroad over 12 days, with a shared interest in machine learning, artificial intelligence, and modern methods for applying these technologies in scientific research. The Institute for Artificial Intelligence Research and Development of Serbia is supporting this year\u2019s Summer [&hellip;]","og_url":"https:\/\/ivi.ac.rs\/en\/news\/the-11th-psiml-summer-school-brings-together-the-next-generation-of-ai-researchers\/","og_site_name":"Istra\u017eiva\u010dko-razvojni institut za ve\u0161ta\u010dku inteligenciju","article_modified_time":"2026-09-01T07:37:31+00:00","twitter_card":"summary_large_image","twitter_misc":{"Est. reading time":"1 minute"},"schema":{"@context":"https:\/\/schema.org","@graph":[{"@type":"WebPage","@id":"https:\/\/ivi.ac.rs\/en\/news\/the-11th-psiml-summer-school-brings-together-the-next-generation-of-ai-researchers\/","url":"https:\/\/ivi.ac.rs\/en\/news\/the-11th-psiml-summer-school-brings-together-the-next-generation-of-ai-researchers\/","name":"The 11th PSIML Summer School Brings Together the Next Generation of AI Researchers - Istra\u017eiva\u010dko-razvojni institut za ve\u0161ta\u010dku inteligenciju","isPartOf":{"@id":"https:\/\/ivi.ac.rs\/en\/#website"},"datePublished":"2026-08-04T07:35:00+00:00","dateModified":"2026-09-01T07:37:31+00:00","inLanguage":"en-US","potentialAction":[{"@type":"ReadAction","target":["https:\/\/ivi.ac.rs\/en\/news\/the-11th-psiml-summer-school-brings-together-the-next-generation-of-ai-researchers\/"]}]},{"@type":"WebSite","@id":"https:\/\/ivi.ac.rs\/en\/#website","url":"https:\/\/ivi.ac.rs\/en\/","name":"Istra\u017eiva\u010dko-razvojni institut za ve\u0161ta\u010dku inteligenciju","description":"","potentialAction":[{"@type":"SearchAction","target":{"@type":"EntryPoint","urlTemplate":"https:\/\/ivi.ac.rs\/en\/?s={search_term_string}"},"query-input":{"@type":"PropertyValueSpecification","valueRequired":true,"valueName":"search_term_string"}}],"inLanguage":"en-US"}]}},"_links":{"self":[{"href":"https:\/\/ivi.ac.rs\/en\/wp-json\/wp\/v2\/news\/3968","targetHints":{"allow":["GET"]}}],"collection":[{"href":"https:\/\/ivi.ac.rs\/en\/wp-json\/wp\/v2\/news"}],"about":[{"href":"https:\/\/ivi.ac.rs\/en\/wp-json\/wp\/v2\/types\/news"}],"wp:attachment":[{"href":"https:\/\/ivi.ac.rs\/en\/wp-json\/wp\/v2\/media?parent=3968"}],"wp:term":[{"taxonomy":"news-category","embeddable":true,"href":"https:\/\/ivi.ac.rs\/en\/wp-json\/wp\/v2\/news-category?post=3968"}],"curies":[{"name":"wp","href":"https:\/\/api.w.org\/{rel}","templated":true}]}}