{"id":3773,"date":"2026-04-19T13:09:14","date_gmt":"2026-04-19T13:09:14","guid":{"rendered":"https:\/\/ivi.ac.rs\/?post_type=news&#038;p=3773"},"modified":"2026-04-27T13:10:46","modified_gmt":"2026-04-27T13:10:46","slug":"call-for-papers-open-for-is26-conference-in-novi-sad","status":"publish","type":"news","link":"https:\/\/ivi.ac.rs\/en\/news\/call-for-papers-open-for-is26-conference-in-novi-sad\/","title":{"rendered":"Call for Papers Open for IS\u201926 Conference in Novi Sad!"},"content":{"rendered":"\n<p>We invite researchers, engineers, and industry professionals to submit their papers to the <strong>20th International Scientific Conference on Industrial Systems \u2013 IS\u201926<\/strong>, and contribute to the exchange of knowledge in this field.<\/p>\n\n\n\n<p>The conference will be held on November 19\u201320, 2026, in Novi Sad, Serbia. This year\u2019s central theme, <strong>\u201cIndustry in the Age of AI\u201d<\/strong> is dedicated to the transformation of industrial systems through the application of artificial intelligence, digitalization, and advanced technologies.<\/p>\n\n\n\n<p>Accepted and presented papers will be published in Springer conference proceedings, which are indexed in major databases including Scopus, INSPEC, and SCImago.<\/p>\n\n\n\n<p>The conference is organized by the Faculty of Technical Sciences, University of Novi Sad, in cooperation with the Institute for Artificial Intelligence of Serbia, and will take place at the Science and Technology Park Novi Sad.<\/p>\n\n\n\n<p>The organizers invite authors to submit original research papers and to share this call with colleagues who may be interested in participating.<br>More information about the conference and submission details is available at: <a href=\"https:\/\/www.iim.ftn.uns.ac.rs\/is26\/\">https:\/\/www.iim.ftn.uns.ac.rs\/is26\/<\/a><\/p>\n","protected":false},"featured_media":0,"parent":0,"template":"","news-category":[],"class_list":["post-3773","news","type-news","status-publish","hentry"],"acf":[],"yoast_head":"<!-- This site is optimized with the Yoast SEO plugin v27.4 - https:\/\/yoast.com\/product\/yoast-seo-wordpress\/ -->\n<title>Call for Papers Open for IS\u201926 Conference in Novi Sad! - Istra\u017eiva\u010dko-razvojni institut za ve&scaron;ta\u010dku inteligenciju<\/title>\n<meta name=\"robots\" content=\"index, follow, max-snippet:-1, max-image-preview:large, max-video-preview:-1\" \/>\n<link rel=\"canonical\" href=\"https:\/\/ivi.ac.rs\/en\/news\/call-for-papers-open-for-is26-conference-in-novi-sad\/\" \/>\n<meta property=\"og:locale\" content=\"en_US\" \/>\n<meta property=\"og:type\" content=\"article\" \/>\n<meta property=\"og:title\" content=\"Call for Papers Open for IS\u201926 Conference in Novi Sad! - Istra\u017eiva\u010dko-razvojni institut za ve&scaron;ta\u010dku inteligenciju\" \/>\n<meta property=\"og:description\" content=\"We invite researchers, engineers, and industry professionals to submit their papers to the 20th International Scientific Conference on Industrial Systems \u2013 IS\u201926, and contribute to the exchange of knowledge in this field. The conference will be held on November 19\u201320, 2026, in Novi Sad, Serbia. This year\u2019s central theme, \u201cIndustry in the Age of AI\u201d [&hellip;]\" \/>\n<meta property=\"og:url\" content=\"https:\/\/ivi.ac.rs\/en\/news\/call-for-papers-open-for-is26-conference-in-novi-sad\/\" \/>\n<meta property=\"og:site_name\" content=\"Istra\u017eiva\u010dko-razvojni institut za ve&scaron;ta\u010dku inteligenciju\" \/>\n<meta property=\"article:modified_time\" content=\"2026-04-27T13:10:46+00:00\" \/>\n<meta name=\"twitter:card\" content=\"summary_large_image\" \/>\n<meta name=\"twitter:label1\" content=\"Est. reading time\" \/>\n\t<meta name=\"twitter:data1\" content=\"1 minute\" \/>\n<script type=\"application\/ld+json\" class=\"yoast-schema-graph\">{\"@context\":\"https:\\\/\\\/schema.org\",\"@graph\":[{\"@type\":\"WebPage\",\"@id\":\"https:\\\/\\\/ivi.ac.rs\\\/en\\\/news\\\/call-for-papers-open-for-is26-conference-in-novi-sad\\\/\",\"url\":\"https:\\\/\\\/ivi.ac.rs\\\/en\\\/news\\\/call-for-papers-open-for-is26-conference-in-novi-sad\\\/\",\"name\":\"Call for Papers Open for IS\u201926 Conference in Novi Sad! - Istra\u017eiva\u010dko-razvojni institut za ve&scaron;ta\u010dku inteligenciju\",\"isPartOf\":{\"@id\":\"https:\\\/\\\/ivi.ac.rs\\\/en\\\/#website\"},\"datePublished\":\"2026-04-19T13:09:14+00:00\",\"dateModified\":\"2026-04-27T13:10:46+00:00\",\"inLanguage\":\"en-US\",\"potentialAction\":[{\"@type\":\"ReadAction\",\"target\":[\"https:\\\/\\\/ivi.ac.rs\\\/en\\\/news\\\/call-for-papers-open-for-is26-conference-in-novi-sad\\\/\"]}]},{\"@type\":\"WebSite\",\"@id\":\"https:\\\/\\\/ivi.ac.rs\\\/en\\\/#website\",\"url\":\"https:\\\/\\\/ivi.ac.rs\\\/en\\\/\",\"name\":\"Istra\u017eiva\u010dko-razvojni institut za ve&scaron;ta\u010dku inteligenciju\",\"description\":\"\",\"potentialAction\":[{\"@type\":\"SearchAction\",\"target\":{\"@type\":\"EntryPoint\",\"urlTemplate\":\"https:\\\/\\\/ivi.ac.rs\\\/en\\\/?s={search_term_string}\"},\"query-input\":{\"@type\":\"PropertyValueSpecification\",\"valueRequired\":true,\"valueName\":\"search_term_string\"}}],\"inLanguage\":\"en-US\"}]}<\/script>\n<!-- \/ Yoast SEO plugin. -->","yoast_head_json":{"title":"Call for Papers Open for IS\u201926 Conference in Novi Sad! - Istra\u017eiva\u010dko-razvojni institut za ve&scaron;ta\u010dku inteligenciju","robots":{"index":"index","follow":"follow","max-snippet":"max-snippet:-1","max-image-preview":"max-image-preview:large","max-video-preview":"max-video-preview:-1"},"canonical":"https:\/\/ivi.ac.rs\/en\/news\/call-for-papers-open-for-is26-conference-in-novi-sad\/","og_locale":"en_US","og_type":"article","og_title":"Call for Papers Open for IS\u201926 Conference in Novi Sad! - Istra\u017eiva\u010dko-razvojni institut za ve&scaron;ta\u010dku inteligenciju","og_description":"We invite researchers, engineers, and industry professionals to submit their papers to the 20th International Scientific Conference on Industrial Systems \u2013 IS\u201926, and contribute to the exchange of knowledge in this field. The conference will be held on November 19\u201320, 2026, in Novi Sad, Serbia. This year\u2019s central theme, \u201cIndustry in the Age of AI\u201d [&hellip;]","og_url":"https:\/\/ivi.ac.rs\/en\/news\/call-for-papers-open-for-is26-conference-in-novi-sad\/","og_site_name":"Istra\u017eiva\u010dko-razvojni institut za ve&scaron;ta\u010dku inteligenciju","article_modified_time":"2026-04-27T13:10:46+00:00","twitter_card":"summary_large_image","twitter_misc":{"Est. reading time":"1 minute"},"schema":{"@context":"https:\/\/schema.org","@graph":[{"@type":"WebPage","@id":"https:\/\/ivi.ac.rs\/en\/news\/call-for-papers-open-for-is26-conference-in-novi-sad\/","url":"https:\/\/ivi.ac.rs\/en\/news\/call-for-papers-open-for-is26-conference-in-novi-sad\/","name":"Call for Papers Open for IS\u201926 Conference in Novi Sad! - Istra\u017eiva\u010dko-razvojni institut za ve&scaron;ta\u010dku inteligenciju","isPartOf":{"@id":"https:\/\/ivi.ac.rs\/en\/#website"},"datePublished":"2026-04-19T13:09:14+00:00","dateModified":"2026-04-27T13:10:46+00:00","inLanguage":"en-US","potentialAction":[{"@type":"ReadAction","target":["https:\/\/ivi.ac.rs\/en\/news\/call-for-papers-open-for-is26-conference-in-novi-sad\/"]}]},{"@type":"WebSite","@id":"https:\/\/ivi.ac.rs\/en\/#website","url":"https:\/\/ivi.ac.rs\/en\/","name":"Istra\u017eiva\u010dko-razvojni institut za ve&scaron;ta\u010dku inteligenciju","description":"","potentialAction":[{"@type":"SearchAction","target":{"@type":"EntryPoint","urlTemplate":"https:\/\/ivi.ac.rs\/en\/?s={search_term_string}"},"query-input":{"@type":"PropertyValueSpecification","valueRequired":true,"valueName":"search_term_string"}}],"inLanguage":"en-US"}]}},"_links":{"self":[{"href":"https:\/\/ivi.ac.rs\/en\/wp-json\/wp\/v2\/news\/3773","targetHints":{"allow":["GET"]}}],"collection":[{"href":"https:\/\/ivi.ac.rs\/en\/wp-json\/wp\/v2\/news"}],"about":[{"href":"https:\/\/ivi.ac.rs\/en\/wp-json\/wp\/v2\/types\/news"}],"wp:attachment":[{"href":"https:\/\/ivi.ac.rs\/en\/wp-json\/wp\/v2\/media?parent=3773"}],"wp:term":[{"taxonomy":"news-category","embeddable":true,"href":"https:\/\/ivi.ac.rs\/en\/wp-json\/wp\/v2\/news-category?post=3773"}],"curies":[{"name":"wp","href":"https:\/\/api.w.org\/{rel}","templated":true}]}}