{"id":3771,"date":"2026-04-14T13:06:49","date_gmt":"2026-04-14T13:06:49","guid":{"rendered":"https:\/\/ivi.ac.rs\/?post_type=news&#038;p=3771"},"modified":"2026-04-27T13:08:33","modified_gmt":"2026-04-27T13:08:33","slug":"international-symposium-on-arsenic-in-drinking-water-in-belgrade","status":"publish","type":"news","link":"https:\/\/ivi.ac.rs\/en\/news\/international-symposium-on-arsenic-in-drinking-water-in-belgrade\/","title":{"rendered":"International Symposium on Arsenic in Drinking Water in Belgrade"},"content":{"rendered":"\n<p>The global challenge of arsenic contamination in drinking water, along with potential solutions, will be the focus of the international symposium <strong>\u201cArsenic in Drinking Water \u2013 A Global Issue and Answers to the Challenges\u201d,<\/strong> which will bring together leading national and international experts in the field.<\/p>\n\n\n\n<p>Participants will have the opportunity to exchange knowledge and experiences on drinking water quality challenges, modern arsenic removal technologies, as well as best practices from Serbia, China, the Netherlands, and Greece. Special attention will be given to the application of artificial intelligence and digital solutions in water resource management.<\/p>\n\n\n\n<p>The program includes lectures, expert discussions, and a panel dedicated to regulation and the implementation of practical solutions. The symposium will also provide an opportunity for networking and collaboration among researchers, professionals, and decision-makers in the fields of water resource management and environmental protection.<\/p>\n\n\n\n<p>The symposium will take place on April 20, 2026, starting at 9:00 AM, at Kneza Milo\u0161a 9 (3rd floor) in Belgrade.<\/p>\n","protected":false},"featured_media":0,"parent":0,"template":"","news-category":[],"class_list":["post-3771","news","type-news","status-publish","hentry"],"acf":[],"yoast_head":"<!-- This site is optimized with the Yoast SEO plugin v27.4 - https:\/\/yoast.com\/product\/yoast-seo-wordpress\/ -->\n<title>International Symposium on Arsenic in Drinking Water in Belgrade - Istra\u017eiva\u010dko-razvojni institut za ve&scaron;ta\u010dku inteligenciju<\/title>\n<meta name=\"robots\" content=\"index, follow, max-snippet:-1, max-image-preview:large, max-video-preview:-1\" \/>\n<link rel=\"canonical\" href=\"https:\/\/ivi.ac.rs\/en\/news\/international-symposium-on-arsenic-in-drinking-water-in-belgrade\/\" \/>\n<meta property=\"og:locale\" content=\"en_US\" \/>\n<meta property=\"og:type\" content=\"article\" \/>\n<meta property=\"og:title\" content=\"International Symposium on Arsenic in Drinking Water in Belgrade - Istra\u017eiva\u010dko-razvojni institut za ve&scaron;ta\u010dku inteligenciju\" \/>\n<meta property=\"og:description\" content=\"The global challenge of arsenic contamination in drinking water, along with potential solutions, will be the focus of the international symposium \u201cArsenic in Drinking Water \u2013 A Global Issue and Answers to the Challenges\u201d, which will bring together leading national and international experts in the field. Participants will have the opportunity to exchange knowledge and [&hellip;]\" \/>\n<meta property=\"og:url\" content=\"https:\/\/ivi.ac.rs\/en\/news\/international-symposium-on-arsenic-in-drinking-water-in-belgrade\/\" \/>\n<meta property=\"og:site_name\" content=\"Istra\u017eiva\u010dko-razvojni institut za ve&scaron;ta\u010dku inteligenciju\" \/>\n<meta property=\"article:modified_time\" content=\"2026-04-27T13:08:33+00:00\" \/>\n<meta name=\"twitter:card\" content=\"summary_large_image\" \/>\n<meta name=\"twitter:label1\" content=\"Est. reading time\" \/>\n\t<meta name=\"twitter:data1\" content=\"1 minute\" \/>\n<script type=\"application\/ld+json\" class=\"yoast-schema-graph\">{\"@context\":\"https:\\\/\\\/schema.org\",\"@graph\":[{\"@type\":\"WebPage\",\"@id\":\"https:\\\/\\\/ivi.ac.rs\\\/en\\\/news\\\/international-symposium-on-arsenic-in-drinking-water-in-belgrade\\\/\",\"url\":\"https:\\\/\\\/ivi.ac.rs\\\/en\\\/news\\\/international-symposium-on-arsenic-in-drinking-water-in-belgrade\\\/\",\"name\":\"International Symposium on Arsenic in Drinking Water in Belgrade - Istra\u017eiva\u010dko-razvojni institut za ve&scaron;ta\u010dku inteligenciju\",\"isPartOf\":{\"@id\":\"https:\\\/\\\/ivi.ac.rs\\\/en\\\/#website\"},\"datePublished\":\"2026-04-14T13:06:49+00:00\",\"dateModified\":\"2026-04-27T13:08:33+00:00\",\"inLanguage\":\"en-US\",\"potentialAction\":[{\"@type\":\"ReadAction\",\"target\":[\"https:\\\/\\\/ivi.ac.rs\\\/en\\\/news\\\/international-symposium-on-arsenic-in-drinking-water-in-belgrade\\\/\"]}]},{\"@type\":\"WebSite\",\"@id\":\"https:\\\/\\\/ivi.ac.rs\\\/en\\\/#website\",\"url\":\"https:\\\/\\\/ivi.ac.rs\\\/en\\\/\",\"name\":\"Istra\u017eiva\u010dko-razvojni institut za ve&scaron;ta\u010dku inteligenciju\",\"description\":\"\",\"potentialAction\":[{\"@type\":\"SearchAction\",\"target\":{\"@type\":\"EntryPoint\",\"urlTemplate\":\"https:\\\/\\\/ivi.ac.rs\\\/en\\\/?s={search_term_string}\"},\"query-input\":{\"@type\":\"PropertyValueSpecification\",\"valueRequired\":true,\"valueName\":\"search_term_string\"}}],\"inLanguage\":\"en-US\"}]}<\/script>\n<!-- \/ Yoast SEO plugin. -->","yoast_head_json":{"title":"International Symposium on Arsenic in Drinking Water in Belgrade - Istra\u017eiva\u010dko-razvojni institut za ve&scaron;ta\u010dku inteligenciju","robots":{"index":"index","follow":"follow","max-snippet":"max-snippet:-1","max-image-preview":"max-image-preview:large","max-video-preview":"max-video-preview:-1"},"canonical":"https:\/\/ivi.ac.rs\/en\/news\/international-symposium-on-arsenic-in-drinking-water-in-belgrade\/","og_locale":"en_US","og_type":"article","og_title":"International Symposium on Arsenic in Drinking Water in Belgrade - Istra\u017eiva\u010dko-razvojni institut za ve&scaron;ta\u010dku inteligenciju","og_description":"The global challenge of arsenic contamination in drinking water, along with potential solutions, will be the focus of the international symposium \u201cArsenic in Drinking Water \u2013 A Global Issue and Answers to the Challenges\u201d, which will bring together leading national and international experts in the field. Participants will have the opportunity to exchange knowledge and [&hellip;]","og_url":"https:\/\/ivi.ac.rs\/en\/news\/international-symposium-on-arsenic-in-drinking-water-in-belgrade\/","og_site_name":"Istra\u017eiva\u010dko-razvojni institut za ve&scaron;ta\u010dku inteligenciju","article_modified_time":"2026-04-27T13:08:33+00:00","twitter_card":"summary_large_image","twitter_misc":{"Est. reading time":"1 minute"},"schema":{"@context":"https:\/\/schema.org","@graph":[{"@type":"WebPage","@id":"https:\/\/ivi.ac.rs\/en\/news\/international-symposium-on-arsenic-in-drinking-water-in-belgrade\/","url":"https:\/\/ivi.ac.rs\/en\/news\/international-symposium-on-arsenic-in-drinking-water-in-belgrade\/","name":"International Symposium on Arsenic in Drinking Water in Belgrade - Istra\u017eiva\u010dko-razvojni institut za ve&scaron;ta\u010dku inteligenciju","isPartOf":{"@id":"https:\/\/ivi.ac.rs\/en\/#website"},"datePublished":"2026-04-14T13:06:49+00:00","dateModified":"2026-04-27T13:08:33+00:00","inLanguage":"en-US","potentialAction":[{"@type":"ReadAction","target":["https:\/\/ivi.ac.rs\/en\/news\/international-symposium-on-arsenic-in-drinking-water-in-belgrade\/"]}]},{"@type":"WebSite","@id":"https:\/\/ivi.ac.rs\/en\/#website","url":"https:\/\/ivi.ac.rs\/en\/","name":"Istra\u017eiva\u010dko-razvojni institut za ve&scaron;ta\u010dku inteligenciju","description":"","potentialAction":[{"@type":"SearchAction","target":{"@type":"EntryPoint","urlTemplate":"https:\/\/ivi.ac.rs\/en\/?s={search_term_string}"},"query-input":{"@type":"PropertyValueSpecification","valueRequired":true,"valueName":"search_term_string"}}],"inLanguage":"en-US"}]}},"_links":{"self":[{"href":"https:\/\/ivi.ac.rs\/en\/wp-json\/wp\/v2\/news\/3771","targetHints":{"allow":["GET"]}}],"collection":[{"href":"https:\/\/ivi.ac.rs\/en\/wp-json\/wp\/v2\/news"}],"about":[{"href":"https:\/\/ivi.ac.rs\/en\/wp-json\/wp\/v2\/types\/news"}],"wp:attachment":[{"href":"https:\/\/ivi.ac.rs\/en\/wp-json\/wp\/v2\/media?parent=3771"}],"wp:term":[{"taxonomy":"news-category","embeddable":true,"href":"https:\/\/ivi.ac.rs\/en\/wp-json\/wp\/v2\/news-category?post=3771"}],"curies":[{"name":"wp","href":"https:\/\/api.w.org\/{rel}","templated":true}]}}