{"id":2023,"date":"2024-02-02T09:52:22","date_gmt":"2024-02-02T09:52:22","guid":{"rendered":"https:\/\/ivi.ac.rs\/?post_type=news&#038;p=2023"},"modified":"2024-02-02T11:09:25","modified_gmt":"2024-02-02T11:09:25","slug":"efficiency-and-artificial-intelligence-galenika-leadership-meeting-2024","status":"publish","type":"news","link":"https:\/\/ivi.ac.rs\/en\/news\/efficiency-and-artificial-intelligence-galenika-leadership-meeting-2024\/","title":{"rendered":"Efficiency and Artificial Intelligence | Galenika Leadership Meeting 2024"},"content":{"rendered":"\n<p><strong>IVI&#8217;s research associates, Dr. Branka Raki\u0107 and Dr. Dejan Mir\u010deti\u0107<\/strong>, participated in the recently held <strong>Galenika Leadership Meeting 2024<\/strong>. Dr. Branka Raki\u0107, the Assistant Director for Biotechnology, presented the role, significance, and goals of the Institute for Artificial Intelligence in Serbia, highlighting how artificial intelligence and research dedication contribute to improving the pharmaceutical industry and the healthcare sector.<\/p>\n\n\n\n<p>Dr. Dejan Mir\u010deti\u0107 discussed how artificial intelligence influences business optimization within the company, exploring ways in which technology enhances efficiency and contributes to innovation in the pharmaceutical industry.<\/p>\n\n\n\n<p>The interaction between pharmaceutical leaders and experts in artificial intelligence represents a crucial step in advancing the healthcare sector and optimizing business processes. In this regard, we extend our gratitude to the team at &#8220;Galenika&#8221; for the opportunity to be part of this significant event, and our researchers remain committed to enhancing the connection between science and industry.<\/p>\n","protected":false},"featured_media":0,"parent":0,"template":"","news-category":[],"class_list":["post-2023","news","type-news","status-publish","hentry"],"acf":[],"yoast_head":"<!-- This site is optimized with the Yoast SEO plugin v27.4 - https:\/\/yoast.com\/product\/yoast-seo-wordpress\/ -->\n<title>Efficiency and Artificial Intelligence | Galenika Leadership Meeting 2024 - Istra\u017eiva\u010dko-razvojni institut za ve&scaron;ta\u010dku inteligenciju<\/title>\n<meta name=\"robots\" content=\"index, follow, max-snippet:-1, max-image-preview:large, max-video-preview:-1\" \/>\n<link rel=\"canonical\" href=\"https:\/\/ivi.ac.rs\/en\/news\/efficiency-and-artificial-intelligence-galenika-leadership-meeting-2024\/\" \/>\n<meta property=\"og:locale\" content=\"en_US\" \/>\n<meta property=\"og:type\" content=\"article\" \/>\n<meta property=\"og:title\" content=\"Efficiency and Artificial Intelligence | Galenika Leadership Meeting 2024 - Istra\u017eiva\u010dko-razvojni institut za ve&scaron;ta\u010dku inteligenciju\" \/>\n<meta property=\"og:description\" content=\"IVI&#8217;s research associates, Dr. Branka Raki\u0107 and Dr. Dejan Mir\u010deti\u0107, participated in the recently held Galenika Leadership Meeting 2024. Dr. Branka Raki\u0107, the Assistant Director for Biotechnology, presented the role, significance, and goals of the Institute for Artificial Intelligence in Serbia, highlighting how artificial intelligence and research dedication contribute to improving the pharmaceutical industry and [&hellip;]\" \/>\n<meta property=\"og:url\" content=\"https:\/\/ivi.ac.rs\/en\/news\/efficiency-and-artificial-intelligence-galenika-leadership-meeting-2024\/\" \/>\n<meta property=\"og:site_name\" content=\"Istra\u017eiva\u010dko-razvojni institut za ve&scaron;ta\u010dku inteligenciju\" \/>\n<meta property=\"article:modified_time\" content=\"2024-02-02T11:09:25+00:00\" \/>\n<meta name=\"twitter:card\" content=\"summary_large_image\" \/>\n<meta name=\"twitter:label1\" content=\"Est. reading time\" \/>\n\t<meta name=\"twitter:data1\" content=\"1 minute\" \/>\n<script type=\"application\/ld+json\" class=\"yoast-schema-graph\">{\"@context\":\"https:\\\/\\\/schema.org\",\"@graph\":[{\"@type\":\"WebPage\",\"@id\":\"https:\\\/\\\/ivi.ac.rs\\\/en\\\/news\\\/efficiency-and-artificial-intelligence-galenika-leadership-meeting-2024\\\/\",\"url\":\"https:\\\/\\\/ivi.ac.rs\\\/en\\\/news\\\/efficiency-and-artificial-intelligence-galenika-leadership-meeting-2024\\\/\",\"name\":\"Efficiency and Artificial Intelligence | Galenika Leadership Meeting 2024 - Istra\u017eiva\u010dko-razvojni institut za ve&scaron;ta\u010dku inteligenciju\",\"isPartOf\":{\"@id\":\"https:\\\/\\\/ivi.ac.rs\\\/en\\\/#website\"},\"datePublished\":\"2024-02-02T09:52:22+00:00\",\"dateModified\":\"2024-02-02T11:09:25+00:00\",\"inLanguage\":\"en-US\",\"potentialAction\":[{\"@type\":\"ReadAction\",\"target\":[\"https:\\\/\\\/ivi.ac.rs\\\/en\\\/news\\\/efficiency-and-artificial-intelligence-galenika-leadership-meeting-2024\\\/\"]}]},{\"@type\":\"WebSite\",\"@id\":\"https:\\\/\\\/ivi.ac.rs\\\/en\\\/#website\",\"url\":\"https:\\\/\\\/ivi.ac.rs\\\/en\\\/\",\"name\":\"Istra\u017eiva\u010dko-razvojni institut za ve&scaron;ta\u010dku inteligenciju\",\"description\":\"\",\"potentialAction\":[{\"@type\":\"SearchAction\",\"target\":{\"@type\":\"EntryPoint\",\"urlTemplate\":\"https:\\\/\\\/ivi.ac.rs\\\/en\\\/?s={search_term_string}\"},\"query-input\":{\"@type\":\"PropertyValueSpecification\",\"valueRequired\":true,\"valueName\":\"search_term_string\"}}],\"inLanguage\":\"en-US\"}]}<\/script>\n<!-- \/ Yoast SEO plugin. -->","yoast_head_json":{"title":"Efficiency and Artificial Intelligence | Galenika Leadership Meeting 2024 - Istra\u017eiva\u010dko-razvojni institut za ve&scaron;ta\u010dku inteligenciju","robots":{"index":"index","follow":"follow","max-snippet":"max-snippet:-1","max-image-preview":"max-image-preview:large","max-video-preview":"max-video-preview:-1"},"canonical":"https:\/\/ivi.ac.rs\/en\/news\/efficiency-and-artificial-intelligence-galenika-leadership-meeting-2024\/","og_locale":"en_US","og_type":"article","og_title":"Efficiency and Artificial Intelligence | Galenika Leadership Meeting 2024 - Istra\u017eiva\u010dko-razvojni institut za ve&scaron;ta\u010dku inteligenciju","og_description":"IVI&#8217;s research associates, Dr. Branka Raki\u0107 and Dr. Dejan Mir\u010deti\u0107, participated in the recently held Galenika Leadership Meeting 2024. Dr. Branka Raki\u0107, the Assistant Director for Biotechnology, presented the role, significance, and goals of the Institute for Artificial Intelligence in Serbia, highlighting how artificial intelligence and research dedication contribute to improving the pharmaceutical industry and [&hellip;]","og_url":"https:\/\/ivi.ac.rs\/en\/news\/efficiency-and-artificial-intelligence-galenika-leadership-meeting-2024\/","og_site_name":"Istra\u017eiva\u010dko-razvojni institut za ve&scaron;ta\u010dku inteligenciju","article_modified_time":"2024-02-02T11:09:25+00:00","twitter_card":"summary_large_image","twitter_misc":{"Est. reading time":"1 minute"},"schema":{"@context":"https:\/\/schema.org","@graph":[{"@type":"WebPage","@id":"https:\/\/ivi.ac.rs\/en\/news\/efficiency-and-artificial-intelligence-galenika-leadership-meeting-2024\/","url":"https:\/\/ivi.ac.rs\/en\/news\/efficiency-and-artificial-intelligence-galenika-leadership-meeting-2024\/","name":"Efficiency and Artificial Intelligence | Galenika Leadership Meeting 2024 - Istra\u017eiva\u010dko-razvojni institut za ve&scaron;ta\u010dku inteligenciju","isPartOf":{"@id":"https:\/\/ivi.ac.rs\/en\/#website"},"datePublished":"2024-02-02T09:52:22+00:00","dateModified":"2024-02-02T11:09:25+00:00","inLanguage":"en-US","potentialAction":[{"@type":"ReadAction","target":["https:\/\/ivi.ac.rs\/en\/news\/efficiency-and-artificial-intelligence-galenika-leadership-meeting-2024\/"]}]},{"@type":"WebSite","@id":"https:\/\/ivi.ac.rs\/en\/#website","url":"https:\/\/ivi.ac.rs\/en\/","name":"Istra\u017eiva\u010dko-razvojni institut za ve&scaron;ta\u010dku inteligenciju","description":"","potentialAction":[{"@type":"SearchAction","target":{"@type":"EntryPoint","urlTemplate":"https:\/\/ivi.ac.rs\/en\/?s={search_term_string}"},"query-input":{"@type":"PropertyValueSpecification","valueRequired":true,"valueName":"search_term_string"}}],"inLanguage":"en-US"}]}},"_links":{"self":[{"href":"https:\/\/ivi.ac.rs\/en\/wp-json\/wp\/v2\/news\/2023","targetHints":{"allow":["GET"]}}],"collection":[{"href":"https:\/\/ivi.ac.rs\/en\/wp-json\/wp\/v2\/news"}],"about":[{"href":"https:\/\/ivi.ac.rs\/en\/wp-json\/wp\/v2\/types\/news"}],"wp:attachment":[{"href":"https:\/\/ivi.ac.rs\/en\/wp-json\/wp\/v2\/media?parent=2023"}],"wp:term":[{"taxonomy":"news-category","embeddable":true,"href":"https:\/\/ivi.ac.rs\/en\/wp-json\/wp\/v2\/news-category?post=2023"}],"curies":[{"name":"wp","href":"https:\/\/api.w.org\/{rel}","templated":true}]}}